{"id":13918,"date":"2019-05-21T16:45:43","date_gmt":"2019-05-21T16:45:43","guid":{"rendered":"https:\/\/www.f5tci.com\/?p=13918"},"modified":"2021-07-20T16:49:59","modified_gmt":"2021-07-20T16:49:59","slug":"workshop-qlik-sense-7-de-junho","status":"publish","type":"post","link":"https:\/\/f5tci.com\/en\/2019-05-21_workshop-qlik-sense-7-de-junho\/","title":{"rendered":"Workshop Qlik Sense | 7 de junho"},"content":{"rendered":"<div class=\"wp-block-image\" style=\"margin-bottom: 0em;\">\r\n<figure>\r\n<figure>Procura uma plataforma anal\u00edtica capaz de capacitar os seus colaboradores a tomarem as melhores decis\u00f5es, com base em dados?<\/figure>\r\n<figure>O Qlik Sense \u00e9 a refer\u00eancia na nova gera\u00e7\u00e3o de an\u00e1lise de dados, \u00e9 uma <a href=\"https:\/\/f5tci.com\/en\/qlik-sense\/\">plataforma de Business Intelligence<\/a> capaz de transformar dados brutos em informa\u00e7\u00e3o que servir\u00e1 de base para tomar decis\u00f5es. Convidamo-lo a participar neste workshop para ficar a conhecer melhor esta solu\u00e7\u00e3o.<\/figure>\r\n<figure>Inscreva-se, \u00e9 gratuito!<\/figure>\r\n<\/figure>\r\n<\/div>\r\n<div class=\"wp-block-image\" style=\"margin-bottom: 0em;\">\r\n<figure class=\"aligncenter is-resized\" style=\"margin-top: 6px; margin-bottom: 6px;\"><img loading=\"lazy\" decoding=\"async\" class=\"wp-image-17588 aligncenter\" src=\"https:\/\/www.f5tci.com\/wp-content\/uploads\/2019\/05\/workshop-qlik-sense.jpg\" alt=\"\" width=\"596\" height=\"705\" \/><\/figure>\r\n<\/div>\r\n\r\n\r\n\r\n<div class=\"wp-block-image\" style=\"margin-bottom: 0em;\">\u00a0<\/div>\r\n\r\n\r\n\r\n<div class=\"wp-block-image\" style=\"margin-bottom: 0em;\">\u00a0<\/div>\r\n\r\n\r\n\r\n<div class=\"wp-block-image\" style=\"margin-bottom: 0em; text-align: center;\">\u00a0<\/div>","protected":false},"excerpt":{"rendered":"<p>Procura uma plataforma anal\u00edtica capaz de capacitar os seus colaboradores a tomarem as melhores decis\u00f5es, com base em dados? O Qlik Sense \u00e9 a refer\u00eancia na nova gera\u00e7\u00e3o de an\u00e1lise de dados, \u00e9 uma plataforma de Business Intelligence capaz de transformar dados brutos em informa\u00e7\u00e3o que servir\u00e1 de base para tomar decis\u00f5es. Convidamo-lo a participar [&hellip;]<\/p>","protected":false},"author":1,"featured_media":17328,"comment_status":"open","ping_status":"open","sticky":false,"template":"","format":"standard","meta":{"footnotes":""},"categories":[184,187],"tags":[],"class_list":["post-13918","post","type-post","status-publish","format-standard","has-post-thumbnail","hentry","category-business-intelligence","category-eventos"],"yoast_head":"<!-- This site is optimized with the Yoast SEO plugin v22.0 - https:\/\/yoast.com\/wordpress\/plugins\/seo\/ -->\n<title>Eventos - Workshop Qlik Sense | 7 de junho - F5tci<\/title>\n<meta name=\"description\" content=\"Procura uma plataforma anal\u00edtica capaz de capacitar os seus colaboradores a tomarem as melhores decis\u00f5es? Participe no workshop Qlik Sense.\" \/>\n<meta name=\"robots\" content=\"index, follow, max-snippet:-1, max-image-preview:large, max-video-preview:-1\" \/>\n<link rel=\"canonical\" href=\"https:\/\/f5tci.com\/en\/2019-05-21_workshop-qlik-sense-7-de-junho\/\" \/>\n<meta property=\"og:locale\" content=\"en_GB\" \/>\n<meta property=\"og:type\" content=\"article\" \/>\n<meta property=\"og:title\" content=\"Eventos - Workshop Qlik Sense | 7 de junho - F5tci\" \/>\n<meta property=\"og:description\" content=\"Procura uma plataforma anal\u00edtica capaz de capacitar os seus colaboradores a tomarem as melhores decis\u00f5es? Participe no workshop Qlik Sense.\" \/>\n<meta property=\"og:url\" content=\"https:\/\/f5tci.com\/en\/2019-05-21_workshop-qlik-sense-7-de-junho\/\" \/>\n<meta property=\"og:site_name\" content=\"F5tci\" \/>\n<meta property=\"article:published_time\" content=\"2019-05-21T16:45:43+00:00\" \/>\n<meta property=\"article:modified_time\" content=\"2021-07-20T16:49:59+00:00\" \/>\n<meta property=\"og:image\" content=\"https:\/\/f5tci.com\/wp-content\/uploads\/2019\/05\/workshop-qlik.jpg\" \/>\n\t<meta property=\"og:image:width\" content=\"370\" \/>\n\t<meta property=\"og:image:height\" content=\"290\" \/>\n\t<meta property=\"og:image:type\" content=\"image\/jpeg\" \/>\n<meta name=\"author\" content=\"admin\" \/>\n<meta name=\"twitter:card\" content=\"summary_large_image\" \/>\n<meta name=\"twitter:label1\" content=\"Written by\" \/>\n\t<meta name=\"twitter:data1\" content=\"admin\" \/>\n\t<meta name=\"twitter:label2\" content=\"Estimated reading time\" \/>\n\t<meta name=\"twitter:data2\" content=\"1 minute\" \/>\n<script type=\"application\/ld+json\" class=\"yoast-schema-graph\">{\"@context\":\"https:\/\/schema.org\",\"@graph\":[{\"@type\":\"Article\",\"@id\":\"https:\/\/f5tci.com\/2019-05-21_workshop-qlik-sense-7-de-junho\/#article\",\"isPartOf\":{\"@id\":\"https:\/\/f5tci.com\/2019-05-21_workshop-qlik-sense-7-de-junho\/\"},\"author\":{\"name\":\"admin\",\"@id\":\"https:\/\/www.f5tci.com\/#\/schema\/person\/2097e229e7fc6a9583fd9c1135d95d21\"},\"headline\":\"Workshop Qlik Sense | 7 de junho\",\"datePublished\":\"2019-05-21T16:45:43+00:00\",\"dateModified\":\"2021-07-20T16:49:59+00:00\",\"mainEntityOfPage\":{\"@id\":\"https:\/\/f5tci.com\/2019-05-21_workshop-qlik-sense-7-de-junho\/\"},\"wordCount\":77,\"commentCount\":0,\"publisher\":{\"@id\":\"https:\/\/www.f5tci.com\/#organization\"},\"articleSection\":[\"Business Intelligence\",\"Eventos\"],\"inLanguage\":\"en-GB\",\"potentialAction\":[{\"@type\":\"CommentAction\",\"name\":\"Comment\",\"target\":[\"https:\/\/f5tci.com\/2019-05-21_workshop-qlik-sense-7-de-junho\/#respond\"]}]},{\"@type\":\"WebPage\",\"@id\":\"https:\/\/f5tci.com\/2019-05-21_workshop-qlik-sense-7-de-junho\/\",\"url\":\"https:\/\/f5tci.com\/2019-05-21_workshop-qlik-sense-7-de-junho\/\",\"name\":\"Eventos - Workshop Qlik Sense | 7 de junho - F5tci\",\"isPartOf\":{\"@id\":\"https:\/\/www.f5tci.com\/#website\"},\"datePublished\":\"2019-05-21T16:45:43+00:00\",\"dateModified\":\"2021-07-20T16:49:59+00:00\",\"description\":\"Procura uma plataforma anal\u00edtica capaz de capacitar os seus colaboradores a tomarem as melhores decis\u00f5es? Participe no workshop Qlik Sense.\",\"breadcrumb\":{\"@id\":\"https:\/\/f5tci.com\/2019-05-21_workshop-qlik-sense-7-de-junho\/#breadcrumb\"},\"inLanguage\":\"en-GB\",\"potentialAction\":[{\"@type\":\"ReadAction\",\"target\":[\"https:\/\/f5tci.com\/2019-05-21_workshop-qlik-sense-7-de-junho\/\"]}]},{\"@type\":\"BreadcrumbList\",\"@id\":\"https:\/\/f5tci.com\/2019-05-21_workshop-qlik-sense-7-de-junho\/#breadcrumb\",\"itemListElement\":[{\"@type\":\"ListItem\",\"position\":1,\"name\":\"In\u00edcio\",\"item\":\"https:\/\/www.f5tci.com\/\"},{\"@type\":\"ListItem\",\"position\":2,\"name\":\"Workshop Qlik Sense | 7 de junho\"}]},{\"@type\":\"WebSite\",\"@id\":\"https:\/\/www.f5tci.com\/#website\",\"url\":\"https:\/\/www.f5tci.com\/\",\"name\":\"F5tci\",\"description\":\"Information For All\",\"publisher\":{\"@id\":\"https:\/\/www.f5tci.com\/#organization\"},\"potentialAction\":[{\"@type\":\"SearchAction\",\"target\":{\"@type\":\"EntryPoint\",\"urlTemplate\":\"https:\/\/www.f5tci.com\/?s={search_term_string}\"},\"query-input\":\"required name=search_term_string\"}],\"inLanguage\":\"en-GB\"},{\"@type\":\"Organization\",\"@id\":\"https:\/\/www.f5tci.com\/#organization\",\"name\":\"F5tci\",\"url\":\"https:\/\/www.f5tci.com\/\",\"logo\":{\"@type\":\"ImageObject\",\"inLanguage\":\"en-GB\",\"@id\":\"https:\/\/www.f5tci.com\/#\/schema\/logo\/image\/\",\"url\":\"https:\/\/www.f5tci.com\/wp-content\/uploads\/2021\/02\/20-anos-f5tci.png\",\"contentUrl\":\"https:\/\/www.f5tci.com\/wp-content\/uploads\/2021\/02\/20-anos-f5tci.png\",\"width\":2347,\"height\":472,\"caption\":\"F5tci\"},\"image\":{\"@id\":\"https:\/\/www.f5tci.com\/#\/schema\/logo\/image\/\"},\"sameAs\":[\"https:\/\/www.linkedin.com\/company\/f5---tecnologias-de-comunica\u00e7\u00e3o-e-informa\u00e7\u00e3o-lda\/\"]},{\"@type\":\"Person\",\"@id\":\"https:\/\/www.f5tci.com\/#\/schema\/person\/2097e229e7fc6a9583fd9c1135d95d21\",\"name\":\"admin\",\"image\":{\"@type\":\"ImageObject\",\"inLanguage\":\"en-GB\",\"@id\":\"https:\/\/www.f5tci.com\/#\/schema\/person\/image\/\",\"url\":\"https:\/\/secure.gravatar.com\/avatar\/2d54bbd892d3b01b2fa68d23a5ce4de4?s=96&d=mm&r=g\",\"contentUrl\":\"https:\/\/secure.gravatar.com\/avatar\/2d54bbd892d3b01b2fa68d23a5ce4de4?s=96&d=mm&r=g\",\"caption\":\"admin\"},\"url\":\"https:\/\/f5tci.com\/en\/author\/admin\/\"}]}<\/script>\n<!-- \/ Yoast SEO plugin. -->","yoast_head_json":{"title":"Eventos - Workshop Qlik Sense | 7 de junho - F5tci","description":"Procura uma plataforma anal\u00edtica capaz de capacitar os seus colaboradores a tomarem as melhores decis\u00f5es? Participe no workshop Qlik Sense.","robots":{"index":"index","follow":"follow","max-snippet":"max-snippet:-1","max-image-preview":"max-image-preview:large","max-video-preview":"max-video-preview:-1"},"canonical":"https:\/\/f5tci.com\/en\/2019-05-21_workshop-qlik-sense-7-de-junho\/","og_locale":"en_GB","og_type":"article","og_title":"Eventos - Workshop Qlik Sense | 7 de junho - F5tci","og_description":"Procura uma plataforma anal\u00edtica capaz de capacitar os seus colaboradores a tomarem as melhores decis\u00f5es? Participe no workshop Qlik Sense.","og_url":"https:\/\/f5tci.com\/en\/2019-05-21_workshop-qlik-sense-7-de-junho\/","og_site_name":"F5tci","article_published_time":"2019-05-21T16:45:43+00:00","article_modified_time":"2021-07-20T16:49:59+00:00","og_image":[{"width":370,"height":290,"url":"https:\/\/f5tci.com\/wp-content\/uploads\/2019\/05\/workshop-qlik.jpg","type":"image\/jpeg"}],"author":"admin","twitter_card":"summary_large_image","twitter_misc":{"Written by":"admin","Estimated reading time":"1 minute"},"schema":{"@context":"https:\/\/schema.org","@graph":[{"@type":"Article","@id":"https:\/\/f5tci.com\/2019-05-21_workshop-qlik-sense-7-de-junho\/#article","isPartOf":{"@id":"https:\/\/f5tci.com\/2019-05-21_workshop-qlik-sense-7-de-junho\/"},"author":{"name":"admin","@id":"https:\/\/www.f5tci.com\/#\/schema\/person\/2097e229e7fc6a9583fd9c1135d95d21"},"headline":"Workshop Qlik Sense | 7 de junho","datePublished":"2019-05-21T16:45:43+00:00","dateModified":"2021-07-20T16:49:59+00:00","mainEntityOfPage":{"@id":"https:\/\/f5tci.com\/2019-05-21_workshop-qlik-sense-7-de-junho\/"},"wordCount":77,"commentCount":0,"publisher":{"@id":"https:\/\/www.f5tci.com\/#organization"},"articleSection":["Business Intelligence","Eventos"],"inLanguage":"en-GB","potentialAction":[{"@type":"CommentAction","name":"Comment","target":["https:\/\/f5tci.com\/2019-05-21_workshop-qlik-sense-7-de-junho\/#respond"]}]},{"@type":"WebPage","@id":"https:\/\/f5tci.com\/2019-05-21_workshop-qlik-sense-7-de-junho\/","url":"https:\/\/f5tci.com\/2019-05-21_workshop-qlik-sense-7-de-junho\/","name":"Eventos - Workshop Qlik Sense | 7 de junho - F5tci","isPartOf":{"@id":"https:\/\/www.f5tci.com\/#website"},"datePublished":"2019-05-21T16:45:43+00:00","dateModified":"2021-07-20T16:49:59+00:00","description":"Procura uma plataforma anal\u00edtica capaz de capacitar os seus colaboradores a tomarem as melhores decis\u00f5es? Participe no workshop Qlik Sense.","breadcrumb":{"@id":"https:\/\/f5tci.com\/2019-05-21_workshop-qlik-sense-7-de-junho\/#breadcrumb"},"inLanguage":"en-GB","potentialAction":[{"@type":"ReadAction","target":["https:\/\/f5tci.com\/2019-05-21_workshop-qlik-sense-7-de-junho\/"]}]},{"@type":"BreadcrumbList","@id":"https:\/\/f5tci.com\/2019-05-21_workshop-qlik-sense-7-de-junho\/#breadcrumb","itemListElement":[{"@type":"ListItem","position":1,"name":"In\u00edcio","item":"https:\/\/www.f5tci.com\/"},{"@type":"ListItem","position":2,"name":"Workshop Qlik Sense | 7 de junho"}]},{"@type":"WebSite","@id":"https:\/\/www.f5tci.com\/#website","url":"https:\/\/www.f5tci.com\/","name":"F5tci","description":"Information For All","publisher":{"@id":"https:\/\/www.f5tci.com\/#organization"},"potentialAction":[{"@type":"SearchAction","target":{"@type":"EntryPoint","urlTemplate":"https:\/\/www.f5tci.com\/?s={search_term_string}"},"query-input":"required name=search_term_string"}],"inLanguage":"en-GB"},{"@type":"Organization","@id":"https:\/\/www.f5tci.com\/#organization","name":"F5tci","url":"https:\/\/www.f5tci.com\/","logo":{"@type":"ImageObject","inLanguage":"en-GB","@id":"https:\/\/www.f5tci.com\/#\/schema\/logo\/image\/","url":"https:\/\/www.f5tci.com\/wp-content\/uploads\/2021\/02\/20-anos-f5tci.png","contentUrl":"https:\/\/www.f5tci.com\/wp-content\/uploads\/2021\/02\/20-anos-f5tci.png","width":2347,"height":472,"caption":"F5tci"},"image":{"@id":"https:\/\/www.f5tci.com\/#\/schema\/logo\/image\/"},"sameAs":["https:\/\/www.linkedin.com\/company\/f5---tecnologias-de-comunica\u00e7\u00e3o-e-informa\u00e7\u00e3o-lda\/"]},{"@type":"Person","@id":"https:\/\/www.f5tci.com\/#\/schema\/person\/2097e229e7fc6a9583fd9c1135d95d21","name":"admin","image":{"@type":"ImageObject","inLanguage":"en-GB","@id":"https:\/\/www.f5tci.com\/#\/schema\/person\/image\/","url":"https:\/\/secure.gravatar.com\/avatar\/2d54bbd892d3b01b2fa68d23a5ce4de4?s=96&d=mm&r=g","contentUrl":"https:\/\/secure.gravatar.com\/avatar\/2d54bbd892d3b01b2fa68d23a5ce4de4?s=96&d=mm&r=g","caption":"admin"},"url":"https:\/\/f5tci.com\/en\/author\/admin\/"}]}},"_links":{"self":[{"href":"https:\/\/f5tci.com\/en\/wp-json\/wp\/v2\/posts\/13918"}],"collection":[{"href":"https:\/\/f5tci.com\/en\/wp-json\/wp\/v2\/posts"}],"about":[{"href":"https:\/\/f5tci.com\/en\/wp-json\/wp\/v2\/types\/post"}],"author":[{"embeddable":true,"href":"https:\/\/f5tci.com\/en\/wp-json\/wp\/v2\/users\/1"}],"replies":[{"embeddable":true,"href":"https:\/\/f5tci.com\/en\/wp-json\/wp\/v2\/comments?post=13918"}],"version-history":[{"count":0,"href":"https:\/\/f5tci.com\/en\/wp-json\/wp\/v2\/posts\/13918\/revisions"}],"wp:featuredmedia":[{"embeddable":true,"href":"https:\/\/f5tci.com\/en\/wp-json\/wp\/v2\/media\/17328"}],"wp:attachment":[{"href":"https:\/\/f5tci.com\/en\/wp-json\/wp\/v2\/media?parent=13918"}],"wp:term":[{"taxonomy":"category","embeddable":true,"href":"https:\/\/f5tci.com\/en\/wp-json\/wp\/v2\/categories?post=13918"},{"taxonomy":"post_tag","embeddable":true,"href":"https:\/\/f5tci.com\/en\/wp-json\/wp\/v2\/tags?post=13918"}],"curies":[{"name":"wp","href":"https:\/\/api.w.org\/{rel}","templated":true}]}}